{"id":13196,"date":"2024-07-18T10:47:19","date_gmt":"2024-07-18T10:47:19","guid":{"rendered":"https:\/\/www.mcasablancas.com\/sense-categoria\/asseguranca-de-responsabilitat-civil-per-a-autonoms-del-mon-cultural\/"},"modified":"2025-03-07T11:22:34","modified_gmt":"2025-03-07T11:22:34","slug":"asseguranca-de-responsabilitat-civil-per-a-autonoms-del-mon-cultural","status":"publish","type":"post","link":"https:\/\/www.mcasablancas.com\/ca\/general-ca\/asseguranca-de-responsabilitat-civil-per-a-autonoms-del-mon-cultural\/","title":{"rendered":"Asseguran\u00e7a de Responsabilitat Civil per a aut\u00f2noms del m\u00f3n cultural"},"content":{"rendered":"\t\t<div data-elementor-type=\"wp-post\" data-elementor-id=\"13196\" class=\"elementor elementor-13196 elementor-13094\" data-elementor-post-type=\"post\">\n\t\t\t\t\t\t<section class=\"elementor-section elementor-top-section elementor-element elementor-element-e08a83c elementor-section-boxed elementor-section-height-default elementor-section-height-default\" data-id=\"e08a83c\" data-element_type=\"section\" data-e-type=\"section\">\n\t\t\t\t\t\t<div class=\"elementor-container elementor-column-gap-default\">\n\t\t\t\t\t<div class=\"elementor-column elementor-col-100 elementor-top-column elementor-element elementor-element-65da9f0\" data-id=\"65da9f0\" data-element_type=\"column\" data-e-type=\"column\">\n\t\t\t<div class=\"elementor-widget-wrap elementor-element-populated\">\n\t\t\t\t\t\t<div class=\"elementor-element elementor-element-6a58444c elementor-widget__width-initial elementor-widget elementor-widget-text-editor\" data-id=\"6a58444c\" data-element_type=\"widget\" data-e-type=\"widget\" data-widget_type=\"text-editor.default\">\n\t\t\t\t<div class=\"elementor-widget-container\">\n\t\t\t\t\t\t\t\t\t<p>Si ets un professional aut\u00f2nom de l&#8217;\u00e0mbit cultural, has de tenir una asseguran\u00e7a de Responsabilitat Civil (coneguda com a \u201cRC\u201d). \u00c9s una <strong>asseguran\u00e7a de Responsabilitat Civil per a persones f\u00edsiques<\/strong>, no jur\u00eddiques.<\/p><p>Totes les persones que desenvolupin activitats en llocs aliens, com ara teatres, centres culturals o sales de concert, entre d&#8217;altres, <strong>han d&#8217;estar cobertes davant danys que puguin ocasionar al lloc o a terceres persones en el transcurs de les seves activitats<\/strong>. Per descomptat que aquests danys sempre s\u00f3n involuntaris, ja que si fossin voluntaris es tractaria de dol, que \u00e9s un altre tema totalment diferent i no cobert per cap asseguran\u00e7a.<\/p><p>\u00c9s com\u00fa pensar que com el lloc on actuar\u00e0s t\u00e9 la seva pr\u00f2pia asseguran\u00e7a no cal fer res m\u00e9s, per\u00f2 aix\u00f2 \u00e9s fals i molt perill\u00f3s, ja que si com a aut\u00f2nom fas un dany sense tenir asseguran\u00e7a, l&#8217;asseguran\u00e7a del lloc pagar\u00e0 el sinistre <strong>per\u00f2 la companyia t&#8217;ho reclamar\u00e0 a tu<\/strong>, que ets qui ha provocat el dany. Aix\u00f2 pot arribar a ser molt cost\u00f3s perqu\u00e8 l&#8217;afronti un aut\u00f2nom (incendi d&#8217;un teatre, ferides greus a un espectador, etc), per aix\u00f2, estar assegurat et permetr\u00e0 treballar molt m\u00e9s tranquil.<\/p><p><strong>La majoria de llocs o organitzadors d&#8217;esdeveniments us demanar\u00e0 la vostra p\u00f2lissa de RC abans de contractar-vos o abans d&#8217;actuar.<\/strong> Ens han arribat comandes d&#8217;emissi\u00f3 de l&#8217;asseguran\u00e7a de clients hores abans de l&#8217;espectacle perqu\u00e8 sense ell no se&#8217;ls permetia actuar. Per\u00f2 hi ha llocs on no ho demanen i per aix\u00f2 els professionals no estan informats que necessiten aquesta asseguran\u00e7a\u2026fins que passa alguna cosa.<\/p><h3><span style=\"color: #35868c;\"><strong>Qui haurien de contractar aquesta asseguran\u00e7a de RC?<\/strong><\/span><\/h3><p>-Actors i actrius<\/p><p>-M\u00fasics (professionals i professors)<\/p><p>-Directors d&#8217;orquestra<\/p><p>-Ballarins<\/p><p>-Ballarines a\u00e8ries o de dansa vertical<\/p><p>-Clowns i pallassos<\/p><p>-Mags<\/p><p>-Restauradors d&#8217;art<\/p><p>-Restauradors de patrimoni<\/p><p>-Gestors culturals<\/p><p>-Guies tur\u00edstics<\/p><p>-T\u00e8cnics d&#8217;il\u00b7luminaci\u00f3 i so<\/p><p>-Dj\u2019s<\/p><p>I qualsevol altre <strong>treballador aut\u00f2nom de l&#8217;\u00e0mbit cultural o de qualsevol altre \u00e0mbit<\/strong>: si la teva feina no es relaciona amb la cultura tamb\u00e9 et podem ajudar, <strong><a href=\"https:\/\/www.mcasablancas.com\/ca\/contacte\/\" target=\"_blank\" rel=\"noreferrer noopener\"><span style=\"color: #35868c;\">contacta amb nosaltres<\/span><\/a><\/strong> i t&#8217;assessorarem.<\/p><h3><span style=\"color: #35868c;\"><strong>Quant costa una asseguran\u00e7a de RC per a aut\u00f2noms?<\/strong><\/span><\/h3><p>El cost de la nostra asseguran\u00e7a de RC varia segons la suma que vulguis assegurar. Et posem un parell d&#8217;exemples perqu\u00e8 en tinguis una idea:<\/p><p>-Suma assegurada: 300.000 Euros, asseguran\u00e7a de RC: <strong>189,21 Euros\/Any<\/strong>.<\/p><p>-Suma assegurada: 600.000 Euros, asseguran\u00e7a de RC: <strong>246,78 Euros\/Any<\/strong>.<\/p><p>Si tens dubtes o vols contractar l\u2019asseguran\u00e7a de RC, <span style=\"color: #35868c;\"><strong><a style=\"color: #35868c;\" href=\"https:\/\/www.mcasablancas.com\/ca\/contacte\/\" target=\"_blank\" rel=\"noreferrer noopener\">comunica&#8217;t amb nosaltres<\/a><\/strong><\/span> i estarem encantats d&#8217;informar-te sobre aquesta asseguran\u00e7a i qualsevol altra que necessitis per desenvolupar la teva vida laboral al m\u00f3n de la cultura amb confian\u00e7a i tranquil\u00b7litat.<\/p>\t\t\t\t\t\t\t\t<\/div>\n\t\t\t\t<\/div>\n\t\t\t\t\t<\/div>\n\t\t<\/div>\n\t\t\t\t\t<\/div>\n\t\t<\/section>\n\t\t\t\t<\/div>\n\t\t","protected":false},"excerpt":{"rendered":"<p>Si ets un professional aut\u00f2nom de l&#8217;\u00e0mbit cultural, has de tenir una asseguran\u00e7a de Responsabilitat Civil (coneguda com a \u201cRC\u201d). \u00c9s una asseguran\u00e7a de Responsabilitat Civil per a persones f\u00edsiques, no jur\u00eddiques. Totes les persones que desenvolupin activitats en llocs aliens, com ara teatres, centres culturals o sales de concert, entre d&#8217;altres, han d&#8217;estar cobertes [&hellip;]<\/p>\n","protected":false},"author":3,"featured_media":14182,"comment_status":"closed","ping_status":"closed","sticky":false,"template":"","format":"standard","meta":{"footnotes":""},"categories":[57],"tags":[468,462,458,457,463,474,460,464,465,471,469,470,466,472,467,473,456,459,461],"class_list":["post-13196","post","type-post","status-publish","format-standard","has-post-thumbnail","hentry","category-general-ca","tag-asegurances-rc-restauradors-de-patrimoni","tag-asseguranca-autonoms-cultura","tag-asseguranca-de-responsabilitat-civil-exemple","tag-asseguranca-responsabilitat-civil-autonom-barat","tag-assegurances-autonoms-actors","tag-assegurances-autonoms-musics","tag-assegurances-per-a-autonoms","tag-assegurances-rc-actors","tag-assegurances-rc-ballarines","tag-assegurances-rc-directors-dorquestra","tag-assegurances-rc-gestors-culturals","tag-assegurances-rc-guies-turistics","tag-assegurances-rc-mags","tag-assegurances-rc-musics","tag-assegurances-rc-pallassos-i-clowns","tag-assegurances-rc-professors","tag-assegurances-responsabilitat-autonoms","tag-assegurances-responsabilitat-civil-persona-fisica","tag-contractar-asseguranca-rc"],"yoast_head":"<!-- This site is optimized with the Yoast SEO plugin v26.9 - https:\/\/yoast.com\/product\/yoast-seo-wordpress\/ -->\n<title>Asseguran\u00e7a de Responsabilitat Civil per a aut\u00f2noms del m\u00f3n cultural<\/title>\n<meta name=\"description\" content=\"Asseguran\u00e7a de RC per a professionals aut\u00f2noms de la cultura: actors, m\u00fasics, directors d&#039;orquestra, gestors culturals, restauradors, etc.\" \/>\n<meta name=\"robots\" content=\"index, follow, max-snippet:-1, max-image-preview:large, max-video-preview:-1\" \/>\n<link rel=\"canonical\" href=\"https:\/\/www.mcasablancas.com\/ca\/general-ca\/asseguranca-de-responsabilitat-civil-per-a-autonoms-del-mon-cultural\/\" \/>\n<meta property=\"og:locale\" content=\"ca_ES\" \/>\n<meta property=\"og:type\" content=\"article\" \/>\n<meta property=\"og:title\" content=\"Asseguran\u00e7a de Responsabilitat Civil per a aut\u00f2noms del m\u00f3n cultural\" \/>\n<meta property=\"og:description\" content=\"Asseguran\u00e7a de RC per a professionals aut\u00f2noms de la cultura: actors, m\u00fasics, directors d&#039;orquestra, gestors culturals, restauradors, etc.\" \/>\n<meta property=\"og:url\" content=\"https:\/\/www.mcasablancas.com\/ca\/general-ca\/asseguranca-de-responsabilitat-civil-per-a-autonoms-del-mon-cultural\/\" \/>\n<meta property=\"og:site_name\" content=\"Corredur\u00eda Casablancas\" \/>\n<meta property=\"article:publisher\" content=\"https:\/\/www.facebook.com\/CasablancasSeguros\/\" \/>\n<meta property=\"article:published_time\" content=\"2024-07-18T10:47:19+00:00\" \/>\n<meta property=\"article:modified_time\" content=\"2025-03-07T11:22:34+00:00\" \/>\n<meta property=\"og:image\" content=\"https:\/\/www.mcasablancas.com\/wp-content\/uploads\/2024\/07\/35-chica.jpg\" \/>\n\t<meta property=\"og:image:width\" content=\"567\" \/>\n\t<meta property=\"og:image:height\" content=\"425\" \/>\n\t<meta property=\"og:image:type\" content=\"image\/jpeg\" \/>\n<meta name=\"author\" content=\"Flor\" \/>\n<meta name=\"twitter:card\" content=\"summary_large_image\" \/>\n<meta name=\"twitter:creator\" content=\"@casablancas_cb\" \/>\n<meta name=\"twitter:site\" content=\"@casablancas_cb\" \/>\n<meta name=\"twitter:label1\" content=\"Escrit per\" \/>\n\t<meta name=\"twitter:data1\" content=\"Flor\" \/>\n\t<meta name=\"twitter:label2\" content=\"Temps estimat de lectura\" \/>\n\t<meta name=\"twitter:data2\" content=\"3 minuts\" \/>\n<script type=\"application\/ld+json\" class=\"yoast-schema-graph\">{\"@context\":\"https:\/\/schema.org\",\"@graph\":[{\"@type\":\"Article\",\"@id\":\"https:\/\/www.mcasablancas.com\/ca\/general-ca\/asseguranca-de-responsabilitat-civil-per-a-autonoms-del-mon-cultural\/#article\",\"isPartOf\":{\"@id\":\"https:\/\/www.mcasablancas.com\/ca\/general-ca\/asseguranca-de-responsabilitat-civil-per-a-autonoms-del-mon-cultural\/\"},\"author\":{\"name\":\"Flor\",\"@id\":\"https:\/\/www.mcasablancas.com\/ca\/#\/schema\/person\/783fb16647c138c6b871af6e5744a6b1\"},\"headline\":\"Asseguran\u00e7a de Responsabilitat Civil per a aut\u00f2noms del m\u00f3n cultural\",\"datePublished\":\"2024-07-18T10:47:19+00:00\",\"dateModified\":\"2025-03-07T11:22:34+00:00\",\"mainEntityOfPage\":{\"@id\":\"https:\/\/www.mcasablancas.com\/ca\/general-ca\/asseguranca-de-responsabilitat-civil-per-a-autonoms-del-mon-cultural\/\"},\"wordCount\":493,\"publisher\":{\"@id\":\"https:\/\/www.mcasablancas.com\/ca\/#organization\"},\"image\":{\"@id\":\"https:\/\/www.mcasablancas.com\/ca\/general-ca\/asseguranca-de-responsabilitat-civil-per-a-autonoms-del-mon-cultural\/#primaryimage\"},\"thumbnailUrl\":\"https:\/\/www.mcasablancas.com\/wp-content\/uploads\/2024\/07\/35-chica.jpg\",\"keywords\":[\"Asegurances RC restauradors de patrimoni\",\"Asseguran\u00e7a aut\u00f2noms cultura\",\"Asseguran\u00e7a de Responsabilitat Civil exemple\",\"Asseguran\u00e7a Responsabilitat Civil aut\u00f2nom barat\",\"Assegurances aut\u00f2noms actors\",\"Assegurances aut\u00f2noms m\u00fasics\",\"Assegurances per a aut\u00f2noms\",\"Assegurances RC actors\",\"Assegurances RC ballarines\",\"Assegurances RC directors d'orquestra\",\"Assegurances RC gestors culturals\",\"Assegurances RC guies tur\u00edstics\",\"Assegurances RC mags\",\"Assegurances RC m\u00fasics\",\"Assegurances RC pallassos i clowns\",\"Assegurances RC professors\",\"Assegurances responsabilitat aut\u00f2noms\",\"Assegurances responsabilitat civil persona f\u00edsica\",\"Contractar asseguran\u00e7a RC\"],\"articleSection\":[\"General\"],\"inLanguage\":\"ca\"},{\"@type\":\"WebPage\",\"@id\":\"https:\/\/www.mcasablancas.com\/ca\/general-ca\/asseguranca-de-responsabilitat-civil-per-a-autonoms-del-mon-cultural\/\",\"url\":\"https:\/\/www.mcasablancas.com\/ca\/general-ca\/asseguranca-de-responsabilitat-civil-per-a-autonoms-del-mon-cultural\/\",\"name\":\"Asseguran\u00e7a de Responsabilitat Civil per a aut\u00f2noms del m\u00f3n cultural\",\"isPartOf\":{\"@id\":\"https:\/\/www.mcasablancas.com\/ca\/#website\"},\"primaryImageOfPage\":{\"@id\":\"https:\/\/www.mcasablancas.com\/ca\/general-ca\/asseguranca-de-responsabilitat-civil-per-a-autonoms-del-mon-cultural\/#primaryimage\"},\"image\":{\"@id\":\"https:\/\/www.mcasablancas.com\/ca\/general-ca\/asseguranca-de-responsabilitat-civil-per-a-autonoms-del-mon-cultural\/#primaryimage\"},\"thumbnailUrl\":\"https:\/\/www.mcasablancas.com\/wp-content\/uploads\/2024\/07\/35-chica.jpg\",\"datePublished\":\"2024-07-18T10:47:19+00:00\",\"dateModified\":\"2025-03-07T11:22:34+00:00\",\"description\":\"Asseguran\u00e7a de RC per a professionals aut\u00f2noms de la cultura: actors, m\u00fasics, directors d'orquestra, gestors culturals, restauradors, etc.\",\"breadcrumb\":{\"@id\":\"https:\/\/www.mcasablancas.com\/ca\/general-ca\/asseguranca-de-responsabilitat-civil-per-a-autonoms-del-mon-cultural\/#breadcrumb\"},\"inLanguage\":\"ca\",\"potentialAction\":[{\"@type\":\"ReadAction\",\"target\":[\"https:\/\/www.mcasablancas.com\/ca\/general-ca\/asseguranca-de-responsabilitat-civil-per-a-autonoms-del-mon-cultural\/\"]}]},{\"@type\":\"ImageObject\",\"inLanguage\":\"ca\",\"@id\":\"https:\/\/www.mcasablancas.com\/ca\/general-ca\/asseguranca-de-responsabilitat-civil-per-a-autonoms-del-mon-cultural\/#primaryimage\",\"url\":\"https:\/\/www.mcasablancas.com\/wp-content\/uploads\/2024\/07\/35-chica.jpg\",\"contentUrl\":\"https:\/\/www.mcasablancas.com\/wp-content\/uploads\/2024\/07\/35-chica.jpg\",\"width\":567,\"height\":425,\"caption\":\"\u00dc t\"},{\"@type\":\"BreadcrumbList\",\"@id\":\"https:\/\/www.mcasablancas.com\/ca\/general-ca\/asseguranca-de-responsabilitat-civil-per-a-autonoms-del-mon-cultural\/#breadcrumb\",\"itemListElement\":[{\"@type\":\"ListItem\",\"position\":1,\"name\":\"Inici\",\"item\":\"https:\/\/www.mcasablancas.com\/ca\/\"},{\"@type\":\"ListItem\",\"position\":2,\"name\":\"General\",\"item\":\"https:\/\/www.mcasablancas.com\/ca\/categoria\/general-ca\/\"},{\"@type\":\"ListItem\",\"position\":3,\"name\":\"Asseguran\u00e7a de Responsabilitat Civil per a aut\u00f2noms del m\u00f3n cultural\"}]},{\"@type\":\"WebSite\",\"@id\":\"https:\/\/www.mcasablancas.com\/ca\/#website\",\"url\":\"https:\/\/www.mcasablancas.com\/ca\/\",\"name\":\"Corredur\u00eda Casablancas\",\"description\":\"Seguros para Instrumentos Musicales, Arte y Cultura\",\"publisher\":{\"@id\":\"https:\/\/www.mcasablancas.com\/ca\/#organization\"},\"potentialAction\":[{\"@type\":\"SearchAction\",\"target\":{\"@type\":\"EntryPoint\",\"urlTemplate\":\"https:\/\/www.mcasablancas.com\/ca\/?s={search_term_string}\"},\"query-input\":{\"@type\":\"PropertyValueSpecification\",\"valueRequired\":true,\"valueName\":\"search_term_string\"}}],\"inLanguage\":\"ca\"},{\"@type\":\"Organization\",\"@id\":\"https:\/\/www.mcasablancas.com\/ca\/#organization\",\"name\":\"Corredur\u00eda Casablancas\",\"url\":\"https:\/\/www.mcasablancas.com\/ca\/\",\"logo\":{\"@type\":\"ImageObject\",\"inLanguage\":\"ca\",\"@id\":\"https:\/\/www.mcasablancas.com\/ca\/#\/schema\/logo\/image\/\",\"url\":\"https:\/\/www.mcasablancas.com\/wp-content\/uploads\/2023\/03\/logo-casablancas.png\",\"contentUrl\":\"https:\/\/www.mcasablancas.com\/wp-content\/uploads\/2023\/03\/logo-casablancas.png\",\"width\":342,\"height\":94,\"caption\":\"Corredur\u00eda Casablancas\"},\"image\":{\"@id\":\"https:\/\/www.mcasablancas.com\/ca\/#\/schema\/logo\/image\/\"},\"sameAs\":[\"https:\/\/www.facebook.com\/CasablancasSeguros\/\",\"https:\/\/x.com\/casablancas_cb\"]},{\"@type\":\"Person\",\"@id\":\"https:\/\/www.mcasablancas.com\/ca\/#\/schema\/person\/783fb16647c138c6b871af6e5744a6b1\",\"name\":\"Flor\",\"image\":{\"@type\":\"ImageObject\",\"inLanguage\":\"ca\",\"@id\":\"https:\/\/www.mcasablancas.com\/ca\/#\/schema\/person\/image\/\",\"url\":\"https:\/\/secure.gravatar.com\/avatar\/715a1a16dc3e514d62c3e5eb4e538b43166e7953da62866d1e60f67abe33cf5b?s=96&d=mm&r=g\",\"contentUrl\":\"https:\/\/secure.gravatar.com\/avatar\/715a1a16dc3e514d62c3e5eb4e538b43166e7953da62866d1e60f67abe33cf5b?s=96&d=mm&r=g\",\"caption\":\"Flor\"}}]}<\/script>\n<!-- \/ Yoast SEO plugin. -->","yoast_head_json":{"title":"Asseguran\u00e7a de Responsabilitat Civil per a aut\u00f2noms del m\u00f3n cultural","description":"Asseguran\u00e7a de RC per a professionals aut\u00f2noms de la cultura: actors, m\u00fasics, directors d'orquestra, gestors culturals, restauradors, etc.","robots":{"index":"index","follow":"follow","max-snippet":"max-snippet:-1","max-image-preview":"max-image-preview:large","max-video-preview":"max-video-preview:-1"},"canonical":"https:\/\/www.mcasablancas.com\/ca\/general-ca\/asseguranca-de-responsabilitat-civil-per-a-autonoms-del-mon-cultural\/","og_locale":"ca_ES","og_type":"article","og_title":"Asseguran\u00e7a de Responsabilitat Civil per a aut\u00f2noms del m\u00f3n cultural","og_description":"Asseguran\u00e7a de RC per a professionals aut\u00f2noms de la cultura: actors, m\u00fasics, directors d'orquestra, gestors culturals, restauradors, etc.","og_url":"https:\/\/www.mcasablancas.com\/ca\/general-ca\/asseguranca-de-responsabilitat-civil-per-a-autonoms-del-mon-cultural\/","og_site_name":"Corredur\u00eda Casablancas","article_publisher":"https:\/\/www.facebook.com\/CasablancasSeguros\/","article_published_time":"2024-07-18T10:47:19+00:00","article_modified_time":"2025-03-07T11:22:34+00:00","og_image":[{"width":567,"height":425,"url":"https:\/\/www.mcasablancas.com\/wp-content\/uploads\/2024\/07\/35-chica.jpg","type":"image\/jpeg"}],"author":"Flor","twitter_card":"summary_large_image","twitter_creator":"@casablancas_cb","twitter_site":"@casablancas_cb","twitter_misc":{"Escrit per":"Flor","Temps estimat de lectura":"3 minuts"},"schema":{"@context":"https:\/\/schema.org","@graph":[{"@type":"Article","@id":"https:\/\/www.mcasablancas.com\/ca\/general-ca\/asseguranca-de-responsabilitat-civil-per-a-autonoms-del-mon-cultural\/#article","isPartOf":{"@id":"https:\/\/www.mcasablancas.com\/ca\/general-ca\/asseguranca-de-responsabilitat-civil-per-a-autonoms-del-mon-cultural\/"},"author":{"name":"Flor","@id":"https:\/\/www.mcasablancas.com\/ca\/#\/schema\/person\/783fb16647c138c6b871af6e5744a6b1"},"headline":"Asseguran\u00e7a de Responsabilitat Civil per a aut\u00f2noms del m\u00f3n cultural","datePublished":"2024-07-18T10:47:19+00:00","dateModified":"2025-03-07T11:22:34+00:00","mainEntityOfPage":{"@id":"https:\/\/www.mcasablancas.com\/ca\/general-ca\/asseguranca-de-responsabilitat-civil-per-a-autonoms-del-mon-cultural\/"},"wordCount":493,"publisher":{"@id":"https:\/\/www.mcasablancas.com\/ca\/#organization"},"image":{"@id":"https:\/\/www.mcasablancas.com\/ca\/general-ca\/asseguranca-de-responsabilitat-civil-per-a-autonoms-del-mon-cultural\/#primaryimage"},"thumbnailUrl":"https:\/\/www.mcasablancas.com\/wp-content\/uploads\/2024\/07\/35-chica.jpg","keywords":["Asegurances RC restauradors de patrimoni","Asseguran\u00e7a aut\u00f2noms cultura","Asseguran\u00e7a de Responsabilitat Civil exemple","Asseguran\u00e7a Responsabilitat Civil aut\u00f2nom barat","Assegurances aut\u00f2noms actors","Assegurances aut\u00f2noms m\u00fasics","Assegurances per a aut\u00f2noms","Assegurances RC actors","Assegurances RC ballarines","Assegurances RC directors d'orquestra","Assegurances RC gestors culturals","Assegurances RC guies tur\u00edstics","Assegurances RC mags","Assegurances RC m\u00fasics","Assegurances RC pallassos i clowns","Assegurances RC professors","Assegurances responsabilitat aut\u00f2noms","Assegurances responsabilitat civil persona f\u00edsica","Contractar asseguran\u00e7a RC"],"articleSection":["General"],"inLanguage":"ca"},{"@type":"WebPage","@id":"https:\/\/www.mcasablancas.com\/ca\/general-ca\/asseguranca-de-responsabilitat-civil-per-a-autonoms-del-mon-cultural\/","url":"https:\/\/www.mcasablancas.com\/ca\/general-ca\/asseguranca-de-responsabilitat-civil-per-a-autonoms-del-mon-cultural\/","name":"Asseguran\u00e7a de Responsabilitat Civil per a aut\u00f2noms del m\u00f3n cultural","isPartOf":{"@id":"https:\/\/www.mcasablancas.com\/ca\/#website"},"primaryImageOfPage":{"@id":"https:\/\/www.mcasablancas.com\/ca\/general-ca\/asseguranca-de-responsabilitat-civil-per-a-autonoms-del-mon-cultural\/#primaryimage"},"image":{"@id":"https:\/\/www.mcasablancas.com\/ca\/general-ca\/asseguranca-de-responsabilitat-civil-per-a-autonoms-del-mon-cultural\/#primaryimage"},"thumbnailUrl":"https:\/\/www.mcasablancas.com\/wp-content\/uploads\/2024\/07\/35-chica.jpg","datePublished":"2024-07-18T10:47:19+00:00","dateModified":"2025-03-07T11:22:34+00:00","description":"Asseguran\u00e7a de RC per a professionals aut\u00f2noms de la cultura: actors, m\u00fasics, directors d'orquestra, gestors culturals, restauradors, etc.","breadcrumb":{"@id":"https:\/\/www.mcasablancas.com\/ca\/general-ca\/asseguranca-de-responsabilitat-civil-per-a-autonoms-del-mon-cultural\/#breadcrumb"},"inLanguage":"ca","potentialAction":[{"@type":"ReadAction","target":["https:\/\/www.mcasablancas.com\/ca\/general-ca\/asseguranca-de-responsabilitat-civil-per-a-autonoms-del-mon-cultural\/"]}]},{"@type":"ImageObject","inLanguage":"ca","@id":"https:\/\/www.mcasablancas.com\/ca\/general-ca\/asseguranca-de-responsabilitat-civil-per-a-autonoms-del-mon-cultural\/#primaryimage","url":"https:\/\/www.mcasablancas.com\/wp-content\/uploads\/2024\/07\/35-chica.jpg","contentUrl":"https:\/\/www.mcasablancas.com\/wp-content\/uploads\/2024\/07\/35-chica.jpg","width":567,"height":425,"caption":"\u00dc t"},{"@type":"BreadcrumbList","@id":"https:\/\/www.mcasablancas.com\/ca\/general-ca\/asseguranca-de-responsabilitat-civil-per-a-autonoms-del-mon-cultural\/#breadcrumb","itemListElement":[{"@type":"ListItem","position":1,"name":"Inici","item":"https:\/\/www.mcasablancas.com\/ca\/"},{"@type":"ListItem","position":2,"name":"General","item":"https:\/\/www.mcasablancas.com\/ca\/categoria\/general-ca\/"},{"@type":"ListItem","position":3,"name":"Asseguran\u00e7a de Responsabilitat Civil per a aut\u00f2noms del m\u00f3n cultural"}]},{"@type":"WebSite","@id":"https:\/\/www.mcasablancas.com\/ca\/#website","url":"https:\/\/www.mcasablancas.com\/ca\/","name":"Corredur\u00eda Casablancas","description":"Seguros para Instrumentos Musicales, Arte y Cultura","publisher":{"@id":"https:\/\/www.mcasablancas.com\/ca\/#organization"},"potentialAction":[{"@type":"SearchAction","target":{"@type":"EntryPoint","urlTemplate":"https:\/\/www.mcasablancas.com\/ca\/?s={search_term_string}"},"query-input":{"@type":"PropertyValueSpecification","valueRequired":true,"valueName":"search_term_string"}}],"inLanguage":"ca"},{"@type":"Organization","@id":"https:\/\/www.mcasablancas.com\/ca\/#organization","name":"Corredur\u00eda Casablancas","url":"https:\/\/www.mcasablancas.com\/ca\/","logo":{"@type":"ImageObject","inLanguage":"ca","@id":"https:\/\/www.mcasablancas.com\/ca\/#\/schema\/logo\/image\/","url":"https:\/\/www.mcasablancas.com\/wp-content\/uploads\/2023\/03\/logo-casablancas.png","contentUrl":"https:\/\/www.mcasablancas.com\/wp-content\/uploads\/2023\/03\/logo-casablancas.png","width":342,"height":94,"caption":"Corredur\u00eda Casablancas"},"image":{"@id":"https:\/\/www.mcasablancas.com\/ca\/#\/schema\/logo\/image\/"},"sameAs":["https:\/\/www.facebook.com\/CasablancasSeguros\/","https:\/\/x.com\/casablancas_cb"]},{"@type":"Person","@id":"https:\/\/www.mcasablancas.com\/ca\/#\/schema\/person\/783fb16647c138c6b871af6e5744a6b1","name":"Flor","image":{"@type":"ImageObject","inLanguage":"ca","@id":"https:\/\/www.mcasablancas.com\/ca\/#\/schema\/person\/image\/","url":"https:\/\/secure.gravatar.com\/avatar\/715a1a16dc3e514d62c3e5eb4e538b43166e7953da62866d1e60f67abe33cf5b?s=96&d=mm&r=g","contentUrl":"https:\/\/secure.gravatar.com\/avatar\/715a1a16dc3e514d62c3e5eb4e538b43166e7953da62866d1e60f67abe33cf5b?s=96&d=mm&r=g","caption":"Flor"}}]}},"_links":{"self":[{"href":"https:\/\/www.mcasablancas.com\/ca\/wp-json\/wp\/v2\/posts\/13196","targetHints":{"allow":["GET"]}}],"collection":[{"href":"https:\/\/www.mcasablancas.com\/ca\/wp-json\/wp\/v2\/posts"}],"about":[{"href":"https:\/\/www.mcasablancas.com\/ca\/wp-json\/wp\/v2\/types\/post"}],"author":[{"embeddable":true,"href":"https:\/\/www.mcasablancas.com\/ca\/wp-json\/wp\/v2\/users\/3"}],"replies":[{"embeddable":true,"href":"https:\/\/www.mcasablancas.com\/ca\/wp-json\/wp\/v2\/comments?post=13196"}],"version-history":[{"count":16,"href":"https:\/\/www.mcasablancas.com\/ca\/wp-json\/wp\/v2\/posts\/13196\/revisions"}],"predecessor-version":[{"id":14482,"href":"https:\/\/www.mcasablancas.com\/ca\/wp-json\/wp\/v2\/posts\/13196\/revisions\/14482"}],"wp:featuredmedia":[{"embeddable":true,"href":"https:\/\/www.mcasablancas.com\/ca\/wp-json\/wp\/v2\/media\/14182"}],"wp:attachment":[{"href":"https:\/\/www.mcasablancas.com\/ca\/wp-json\/wp\/v2\/media?parent=13196"}],"wp:term":[{"taxonomy":"category","embeddable":true,"href":"https:\/\/www.mcasablancas.com\/ca\/wp-json\/wp\/v2\/categories?post=13196"},{"taxonomy":"post_tag","embeddable":true,"href":"https:\/\/www.mcasablancas.com\/ca\/wp-json\/wp\/v2\/tags?post=13196"}],"curies":[{"name":"wp","href":"https:\/\/api.w.org\/{rel}","templated":true}]}}