{"id":6354,"date":"2020-06-03T10:05:58","date_gmt":"2020-06-03T10:05:58","guid":{"rendered":"http:\/\/prueba.mcasablancas.com\/sense-categoria\/fases-de-la-desescalada-para-el-sector-cultural-parte-2\/"},"modified":"2024-07-25T09:53:24","modified_gmt":"2024-07-25T09:53:24","slug":"fases-de-la-desescalada-para-el-sector-cultural-parte-2","status":"publish","type":"post","link":"https:\/\/www.mcasablancas.com\/ca\/noticies\/fases-de-la-desescalada-para-el-sector-cultural-parte-2\/","title":{"rendered":"Fases de la desescalada para el sector cultural. Parte 2"},"content":{"rendered":"\t\t<div data-elementor-type=\"wp-post\" data-elementor-id=\"6354\" class=\"elementor elementor-6354 elementor-3498\" data-elementor-post-type=\"post\">\n\t\t\t\t\t\t<section class=\"elementor-section elementor-top-section elementor-element elementor-element-351abe0f elementor-section-boxed elementor-section-height-default elementor-section-height-default\" data-id=\"351abe0f\" data-element_type=\"section\" data-e-type=\"section\">\n\t\t\t\t\t\t<div class=\"elementor-container elementor-column-gap-default\">\n\t\t\t\t\t<div class=\"elementor-column elementor-col-100 elementor-top-column elementor-element elementor-element-5246c9f4\" data-id=\"5246c9f4\" data-element_type=\"column\" data-e-type=\"column\">\n\t\t\t<div class=\"elementor-widget-wrap elementor-element-populated\">\n\t\t\t\t\t\t<div class=\"elementor-element elementor-element-7b4725fd elementor-widget elementor-widget-text-editor\" data-id=\"7b4725fd\" data-element_type=\"widget\" data-e-type=\"widget\" data-widget_type=\"text-editor.default\">\n\t\t\t\t<div class=\"elementor-widget-container\">\n\t\t\t\t\t\t\t\t\t\n<p>Como apuntamos en el post anterior, las fases de la desescalada en el sector cultural son algo confusas e incompletas. Por eso hemos generado una gu\u00eda en dos partes, que concluimos en este post. <\/p>\n\n<p>Para &#8220;Cines, Teatros y Auditorios&#8221; y &#8220;Actos y Espect\u00e1culos Culturales&#8221; leer el post anterior. En esta \u00faltima parte trataremos la desescalada para museos, salas de exposiciones y monumentos. Para mayor informaci\u00f3n o dudas sugerimos contactar con un ente oficial. <\/p>\n\n<p class=\"has-text-align-center\"><strong>MUSEOS<\/strong><\/p>\n\n<p><strong>FASE 1:<\/strong> Los museos podr\u00e1n abrir sus instalaciones al p\u00fablico a un tercio de su aforo.<\/p>\n\n<p>-Se podr\u00e1 establecer la alteraci\u00f3n de recorridos, la ordenaci\u00f3n de entradas y salidas, o la exclusi\u00f3n de salas que no permitan mantener la distancia m\u00ednima de seguridad de 2 metros.<\/p>\n\n<p><strong>FASE 2: <\/strong>Se mantiene el aforo m\u00e1ximo del 33%. En ning\u00fan caso podr\u00e1n desarrollarse en los museos otras actividades culturales distintas de las visitas. Deben observarse otras medidas espec\u00edficas: <\/p>\n\n<p>&#8211; Se permiten \u00fanicamente las visitas individuales, o de convivientes, evitando la realizaci\u00f3n de actividades paralelas o complementarias ajenas a la propia visita.<\/p>\n\n<p> &#8211; Evitar la confluencia de personal trabajador, investigador, residente o usuario de los inmuebles con los visitantes. <\/p>\n\n<p> &#8211; Evitar la confluencia de personal trabajador, investigador, residente o usuario de los inmuebles con los visitantes. <\/p>\n\n<p>&#8211; Los gestores del bien pueden establecer derecho de admisi\u00f3n cuando los visitantes porten objetos como bolsos, mochilas o similares que entra\u00f1en peligro para la seguridad de las personas o los bienes custodiados.<\/p>\n\n<p> -Ver el apartado \u201cMedidas generales de fase 2\u201d al final de este art\u00edculo.<\/p>\n\n<p><strong>FASE 3: <\/strong>Se eleva el aforo permitido al 50%. <\/p>\n\n<p>-Las visitas podr\u00e1n ser de grupos de hasta 20 personas, siempre que se mantenga la distancia de seguridad interpersonal de 2 metros. <\/p>\n\n<p>-Las actividades que tengan lugar en las salas de colecci\u00f3n o exposiciones del museo, y que impliquen agrupamiento de asistentes -como visitas guiadas, charlas en torno a piezas u otras similares-, podr\u00e1n suspenderse hasta que se superen todas las fases previstas en el plan para la desescalada. <\/p>\n\n<p class=\"has-text-align-center\"><strong>SALAS DE EXPOSICIONES <\/strong><\/p>\n\n<p><strong>FASE 1: <\/strong>Permanecen cerradas.<\/p>\n\n<p><strong>FASE 2: <\/strong>Pueden abrirse al p\u00fablico las salas de exposiciones siempre que no se supere un tercio del aforo autorizado y se adopten las medidas necesarias para el debido control de las aglomeraciones. Adem\u00e1s de las normas de higiene y protecci\u00f3n, establecidas con car\u00e1cter general, deben aplicarse las siguientes normas:<\/p>\n\n<p> &#8211; Se evitar\u00e1 la celebraci\u00f3n de eventos de inauguraci\u00f3n de exposiciones que puedan suponer aglomeraci\u00f3n de personas en un espacio cerrado.<\/p>\n\n<p> &#8211; Para el montaje y desmontaje de exposiciones temporales se evitar\u00e1 la confluencia de trabajadores de distintas especialidades y se mantendr\u00e1 en todo momento la distancia interpersonal de dos metros. <\/p>\n\n<p>&#8211; Se deber\u00e1 limpiar y desinfectar, al menos una vez al d\u00eda, el interior de las cabinas de los veh\u00edculos de las empresas de transporte, al igual que los puntos de agarre de la maquinaria, los elementos auxiliares y las herramientas que se utilicen durante el montaje. <\/p>\n\n<p>&#8211; Si hay varias empresas implicadas en el montaje, se realizar\u00e1 un escalonamiento horario de las entradas y salidas, concentrando los trabajos de cada empresa en diferentes d\u00edas y horarios. <\/p>\n\n<p>-Ver el apartado \u201cMedidas generales de fase 2\u201d al final de este art\u00edculo.<\/p>\n\n<p><strong>FASE 3:<\/strong> Se eleva el aforo permitido al 50% y se contin\u00faa con las medidas de seguridad generales ya establecidas.<\/p>\n\n<p class=\"has-text-align-center\"><strong>MONUMENTOS <\/strong><\/p>\n\n<p><strong>FASE 1:<\/strong> Permanecen cerrados.<\/p>\n\n<p><strong>FASE 2:<\/strong> Podr\u00e1 procederse a la reapertura al p\u00fablico de monumentos siempre que las visitas no superen un tercio del aforo autorizado. En ning\u00fan caso podr\u00e1n desarrollarse en ellos otras actividades culturales distintas de las visitas. Deben observarse otras medidas espec\u00edficas: <\/p>\n\n<p>&#8211; Se permiten \u00fanicamente las visitas individuales, o de convivientes, evitando la realizaci\u00f3n de actividades paralelas o complementarias ajenas a la propia visita.<\/p>\n\n<p> &#8211; Evitar la confluencia de personal trabajador, investigador, residente o usuario de los inmuebles con los visitantes. <\/p>\n\n<p>&#8211; Los espacios donde pueda haber interferencia de circulaciones ser\u00e1n objeto de se\u00f1alizaci\u00f3n y balizamiento. <\/p>\n\n<p>&#8211; En recintos religiosos con culto (iglesias, colegiatas o catedrales) u ocupados por comunidades religiosas (monasterios, abad\u00edas o conventos), se establecer\u00e1n recorridos obligatorios para separar circulaciones. Si no es posible se exigir\u00e1 el uso de mascarillas a los visitantes o se establecer\u00e1n horarios diferenciados de visita. <\/p>\n\n<p>&#8211; Los gestores del bien pueden establecer derecho de admisi\u00f3n cuando los visitantes porten objetos como bolsos, mochilas o similares que entra\u00f1en peligro para la seguridad de las personas o los bienes custodiados. <\/p>\n\n<p>-Ver el apartado \u201cMedidas generales de fase 2\u201d al final de este art\u00edculo.<\/p>\n\n<p><strong>FASE 3: <\/strong>Los monumentos y otros equipamientos culturales ser\u00e1n accesibles para el p\u00fablico siempre que las visitas no superen la mitad del aforo autorizado. A las visitas individuales y de convivientes se agregan la de grupos de hasta 20 personas. <\/p>\n\n<p class=\"has-text-align-center\"><strong>MEDIDAS GENERALES DE FASE 2<\/strong><\/p>\n\n<p>Para museos, salas de exposiciones y monumentos se deber\u00e1n seguir adem\u00e1s las siguientes medidas en la Fase 2:<\/p>\n\n<p>-Las salas que cuenten con mostradores de informaci\u00f3n y atenci\u00f3n al p\u00fablico deber\u00e1n instalar elementos y barreras f\u00edsicas de protecci\u00f3n en el \u00e1rea de recepci\u00f3n de visitantes. <\/p>\n\n<p>&#8211; Instalaci\u00f3n de carteles con normas y recomendaciones espec\u00edficas para el p\u00fablico, as\u00ed como de vinilos de se\u00f1alizaci\u00f3n con indicaciones sobre la distancia de seguridad, para evitar que se formen colas o aglomeraciones en la entrada y\/o salida. <\/p>\n\n<p>-Los inmuebles deber\u00e1n someterse de forma previa a la reapertura a una limpieza y desinfecci\u00f3n selectiva de las partes accesibles al p\u00fablico. Si hay bienes culturales se deben seguir, adem\u00e1s, las normas recomendadas por el Instituto del Patrimonio Cultural de Espa\u00f1a. <\/p>\n\n<p>-Los lugares donde no pueda garantizarse la seguridad de los visitantes por sus condiciones especiales o por imposibilidad de realizar las tareas de desinfecci\u00f3n necesarias, ser\u00e1n excluidos de la visita p\u00fablica. <\/p>\n\n<p>-No habr\u00e1 servicio de guardarropa ni de consigna. <\/p>\n\n<p>-Estar\u00e1 inhabilitado el uso de los elementos expuestos dise\u00f1ados para un uso t\u00e1ctil por el visitante, as\u00ed como las audiogu\u00edas, folletos u otro material an\u00e1logo. <\/p>\n\t\t\t\t\t\t\t\t<\/div>\n\t\t\t\t<\/div>\n\t\t\t\t\t<\/div>\n\t\t<\/div>\n\t\t\t\t\t<\/div>\n\t\t<\/section>\n\t\t\t\t<\/div>\n\t\t","protected":false},"excerpt":{"rendered":"<p>Como apuntamos en el post anterior, las fases de la desescalada en el sector cultural son algo confusas e incompletas. Por eso hemos generado una gu\u00eda en dos partes, que concluimos en este post. Para &#8220;Cines, Teatros y Auditorios&#8221; y &#8220;Actos y Espect\u00e1culos Culturales&#8221; leer el post anterior. En esta \u00faltima parte trataremos la desescalada [&hellip;]<\/p>\n","protected":false},"author":2,"featured_media":14062,"comment_status":"closed","ping_status":"closed","sticky":false,"template":"","format":"standard","meta":{"footnotes":""},"categories":[59],"tags":[],"class_list":["post-6354","post","type-post","status-publish","format-standard","has-post-thumbnail","hentry","category-noticies"],"yoast_head":"<!-- This site is optimized with the Yoast SEO plugin v26.9 - https:\/\/yoast.com\/product\/yoast-seo-wordpress\/ -->\n<title>Fases de la desescalada para el sector cultural. Parte 2 - Corredur\u00eda Casablancas<\/title>\n<meta name=\"robots\" content=\"index, follow, max-snippet:-1, max-image-preview:large, max-video-preview:-1\" \/>\n<link rel=\"canonical\" href=\"https:\/\/www.mcasablancas.com\/ca\/noticies\/fases-de-la-desescalada-para-el-sector-cultural-parte-2\/\" \/>\n<meta property=\"og:locale\" content=\"ca_ES\" \/>\n<meta property=\"og:type\" content=\"article\" \/>\n<meta property=\"og:title\" content=\"Fases de la desescalada para el sector cultural. Parte 2 - Corredur\u00eda Casablancas\" \/>\n<meta property=\"og:description\" content=\"Como apuntamos en el post anterior, las fases de la desescalada en el sector cultural son algo confusas e incompletas. Por eso hemos generado una gu\u00eda en dos partes, que concluimos en este post. Para &#8220;Cines, Teatros y Auditorios&#8221; y &#8220;Actos y Espect\u00e1culos Culturales&#8221; leer el post anterior. En esta \u00faltima parte trataremos la desescalada [&hellip;]\" \/>\n<meta property=\"og:url\" content=\"https:\/\/www.mcasablancas.com\/ca\/noticies\/fases-de-la-desescalada-para-el-sector-cultural-parte-2\/\" \/>\n<meta property=\"og:site_name\" content=\"Corredur\u00eda Casablancas\" \/>\n<meta property=\"article:publisher\" content=\"https:\/\/www.facebook.com\/CasablancasSeguros\/\" \/>\n<meta property=\"article:published_time\" content=\"2020-06-03T10:05:58+00:00\" \/>\n<meta property=\"article:modified_time\" content=\"2024-07-25T09:53:24+00:00\" \/>\n<meta property=\"og:image\" content=\"https:\/\/www.mcasablancas.com\/wp-content\/uploads\/2020\/06\/18.jpg\" \/>\n\t<meta property=\"og:image:width\" content=\"706\" \/>\n\t<meta property=\"og:image:height\" content=\"514\" \/>\n\t<meta property=\"og:image:type\" content=\"image\/jpeg\" \/>\n<meta name=\"author\" content=\"Maria\" \/>\n<meta name=\"twitter:card\" content=\"summary_large_image\" \/>\n<meta name=\"twitter:creator\" content=\"@casablancas_cb\" \/>\n<meta name=\"twitter:site\" content=\"@casablancas_cb\" \/>\n<meta name=\"twitter:label1\" content=\"Escrit per\" \/>\n\t<meta name=\"twitter:data1\" content=\"Maria\" \/>\n\t<meta name=\"twitter:label2\" content=\"Temps estimat de lectura\" \/>\n\t<meta name=\"twitter:data2\" content=\"6 minuts\" \/>\n<script type=\"application\/ld+json\" class=\"yoast-schema-graph\">{\"@context\":\"https:\/\/schema.org\",\"@graph\":[{\"@type\":\"Article\",\"@id\":\"https:\/\/www.mcasablancas.com\/ca\/noticies\/fases-de-la-desescalada-para-el-sector-cultural-parte-2\/#article\",\"isPartOf\":{\"@id\":\"https:\/\/www.mcasablancas.com\/ca\/noticies\/fases-de-la-desescalada-para-el-sector-cultural-parte-2\/\"},\"author\":{\"name\":\"Maria\",\"@id\":\"https:\/\/www.mcasablancas.com\/ca\/#\/schema\/person\/7935fe83a1e7ea72b08333ebdc39a3d0\"},\"headline\":\"Fases de la desescalada para el sector cultural. Parte 2\",\"datePublished\":\"2020-06-03T10:05:58+00:00\",\"dateModified\":\"2024-07-25T09:53:24+00:00\",\"mainEntityOfPage\":{\"@id\":\"https:\/\/www.mcasablancas.com\/ca\/noticies\/fases-de-la-desescalada-para-el-sector-cultural-parte-2\/\"},\"wordCount\":1037,\"publisher\":{\"@id\":\"https:\/\/www.mcasablancas.com\/ca\/#organization\"},\"image\":{\"@id\":\"https:\/\/www.mcasablancas.com\/ca\/noticies\/fases-de-la-desescalada-para-el-sector-cultural-parte-2\/#primaryimage\"},\"thumbnailUrl\":\"https:\/\/www.mcasablancas.com\/wp-content\/uploads\/2020\/06\/18-chica.jpg\",\"articleSection\":[\"Not\u00edcies\"],\"inLanguage\":\"ca\"},{\"@type\":\"WebPage\",\"@id\":\"https:\/\/www.mcasablancas.com\/ca\/noticies\/fases-de-la-desescalada-para-el-sector-cultural-parte-2\/\",\"url\":\"https:\/\/www.mcasablancas.com\/ca\/noticies\/fases-de-la-desescalada-para-el-sector-cultural-parte-2\/\",\"name\":\"Fases de la desescalada para el sector cultural. Parte 2 - Corredur\u00eda Casablancas\",\"isPartOf\":{\"@id\":\"https:\/\/www.mcasablancas.com\/ca\/#website\"},\"primaryImageOfPage\":{\"@id\":\"https:\/\/www.mcasablancas.com\/ca\/noticies\/fases-de-la-desescalada-para-el-sector-cultural-parte-2\/#primaryimage\"},\"image\":{\"@id\":\"https:\/\/www.mcasablancas.com\/ca\/noticies\/fases-de-la-desescalada-para-el-sector-cultural-parte-2\/#primaryimage\"},\"thumbnailUrl\":\"https:\/\/www.mcasablancas.com\/wp-content\/uploads\/2020\/06\/18-chica.jpg\",\"datePublished\":\"2020-06-03T10:05:58+00:00\",\"dateModified\":\"2024-07-25T09:53:24+00:00\",\"breadcrumb\":{\"@id\":\"https:\/\/www.mcasablancas.com\/ca\/noticies\/fases-de-la-desescalada-para-el-sector-cultural-parte-2\/#breadcrumb\"},\"inLanguage\":\"ca\",\"potentialAction\":[{\"@type\":\"ReadAction\",\"target\":[\"https:\/\/www.mcasablancas.com\/ca\/noticies\/fases-de-la-desescalada-para-el-sector-cultural-parte-2\/\"]}]},{\"@type\":\"ImageObject\",\"inLanguage\":\"ca\",\"@id\":\"https:\/\/www.mcasablancas.com\/ca\/noticies\/fases-de-la-desescalada-para-el-sector-cultural-parte-2\/#primaryimage\",\"url\":\"https:\/\/www.mcasablancas.com\/wp-content\/uploads\/2020\/06\/18-chica.jpg\",\"contentUrl\":\"https:\/\/www.mcasablancas.com\/wp-content\/uploads\/2020\/06\/18-chica.jpg\",\"width\":567,\"height\":413},{\"@type\":\"BreadcrumbList\",\"@id\":\"https:\/\/www.mcasablancas.com\/ca\/noticies\/fases-de-la-desescalada-para-el-sector-cultural-parte-2\/#breadcrumb\",\"itemListElement\":[{\"@type\":\"ListItem\",\"position\":1,\"name\":\"Inici\",\"item\":\"https:\/\/www.mcasablancas.com\/ca\/\"},{\"@type\":\"ListItem\",\"position\":2,\"name\":\"Not\u00edcies\",\"item\":\"https:\/\/www.mcasablancas.com\/ca\/categoria\/noticies\/\"},{\"@type\":\"ListItem\",\"position\":3,\"name\":\"Fases de la desescalada para el sector cultural. Parte 2\"}]},{\"@type\":\"WebSite\",\"@id\":\"https:\/\/www.mcasablancas.com\/ca\/#website\",\"url\":\"https:\/\/www.mcasablancas.com\/ca\/\",\"name\":\"Corredur\u00eda Casablancas\",\"description\":\"Seguros para Instrumentos Musicales, Arte y Cultura\",\"publisher\":{\"@id\":\"https:\/\/www.mcasablancas.com\/ca\/#organization\"},\"potentialAction\":[{\"@type\":\"SearchAction\",\"target\":{\"@type\":\"EntryPoint\",\"urlTemplate\":\"https:\/\/www.mcasablancas.com\/ca\/?s={search_term_string}\"},\"query-input\":{\"@type\":\"PropertyValueSpecification\",\"valueRequired\":true,\"valueName\":\"search_term_string\"}}],\"inLanguage\":\"ca\"},{\"@type\":\"Organization\",\"@id\":\"https:\/\/www.mcasablancas.com\/ca\/#organization\",\"name\":\"Corredur\u00eda Casablancas\",\"url\":\"https:\/\/www.mcasablancas.com\/ca\/\",\"logo\":{\"@type\":\"ImageObject\",\"inLanguage\":\"ca\",\"@id\":\"https:\/\/www.mcasablancas.com\/ca\/#\/schema\/logo\/image\/\",\"url\":\"https:\/\/www.mcasablancas.com\/wp-content\/uploads\/2023\/03\/logo-casablancas.png\",\"contentUrl\":\"https:\/\/www.mcasablancas.com\/wp-content\/uploads\/2023\/03\/logo-casablancas.png\",\"width\":342,\"height\":94,\"caption\":\"Corredur\u00eda Casablancas\"},\"image\":{\"@id\":\"https:\/\/www.mcasablancas.com\/ca\/#\/schema\/logo\/image\/\"},\"sameAs\":[\"https:\/\/www.facebook.com\/CasablancasSeguros\/\",\"https:\/\/x.com\/casablancas_cb\"]},{\"@type\":\"Person\",\"@id\":\"https:\/\/www.mcasablancas.com\/ca\/#\/schema\/person\/7935fe83a1e7ea72b08333ebdc39a3d0\",\"name\":\"Maria\",\"image\":{\"@type\":\"ImageObject\",\"inLanguage\":\"ca\",\"@id\":\"https:\/\/www.mcasablancas.com\/ca\/#\/schema\/person\/image\/\",\"url\":\"https:\/\/secure.gravatar.com\/avatar\/f2fe719204648ce61585bd99cd483488f59a44cf04b371ed78c3488d747d71de?s=96&d=mm&r=g\",\"contentUrl\":\"https:\/\/secure.gravatar.com\/avatar\/f2fe719204648ce61585bd99cd483488f59a44cf04b371ed78c3488d747d71de?s=96&d=mm&r=g\",\"caption\":\"Maria\"}}]}<\/script>\n<!-- \/ Yoast SEO plugin. -->","yoast_head_json":{"title":"Fases de la desescalada para el sector cultural. Parte 2 - Corredur\u00eda Casablancas","robots":{"index":"index","follow":"follow","max-snippet":"max-snippet:-1","max-image-preview":"max-image-preview:large","max-video-preview":"max-video-preview:-1"},"canonical":"https:\/\/www.mcasablancas.com\/ca\/noticies\/fases-de-la-desescalada-para-el-sector-cultural-parte-2\/","og_locale":"ca_ES","og_type":"article","og_title":"Fases de la desescalada para el sector cultural. Parte 2 - Corredur\u00eda Casablancas","og_description":"Como apuntamos en el post anterior, las fases de la desescalada en el sector cultural son algo confusas e incompletas. Por eso hemos generado una gu\u00eda en dos partes, que concluimos en este post. Para &#8220;Cines, Teatros y Auditorios&#8221; y &#8220;Actos y Espect\u00e1culos Culturales&#8221; leer el post anterior. En esta \u00faltima parte trataremos la desescalada [&hellip;]","og_url":"https:\/\/www.mcasablancas.com\/ca\/noticies\/fases-de-la-desescalada-para-el-sector-cultural-parte-2\/","og_site_name":"Corredur\u00eda Casablancas","article_publisher":"https:\/\/www.facebook.com\/CasablancasSeguros\/","article_published_time":"2020-06-03T10:05:58+00:00","article_modified_time":"2024-07-25T09:53:24+00:00","og_image":[{"width":706,"height":514,"url":"https:\/\/www.mcasablancas.com\/wp-content\/uploads\/2020\/06\/18.jpg","type":"image\/jpeg"}],"author":"Maria","twitter_card":"summary_large_image","twitter_creator":"@casablancas_cb","twitter_site":"@casablancas_cb","twitter_misc":{"Escrit per":"Maria","Temps estimat de lectura":"6 minuts"},"schema":{"@context":"https:\/\/schema.org","@graph":[{"@type":"Article","@id":"https:\/\/www.mcasablancas.com\/ca\/noticies\/fases-de-la-desescalada-para-el-sector-cultural-parte-2\/#article","isPartOf":{"@id":"https:\/\/www.mcasablancas.com\/ca\/noticies\/fases-de-la-desescalada-para-el-sector-cultural-parte-2\/"},"author":{"name":"Maria","@id":"https:\/\/www.mcasablancas.com\/ca\/#\/schema\/person\/7935fe83a1e7ea72b08333ebdc39a3d0"},"headline":"Fases de la desescalada para el sector cultural. Parte 2","datePublished":"2020-06-03T10:05:58+00:00","dateModified":"2024-07-25T09:53:24+00:00","mainEntityOfPage":{"@id":"https:\/\/www.mcasablancas.com\/ca\/noticies\/fases-de-la-desescalada-para-el-sector-cultural-parte-2\/"},"wordCount":1037,"publisher":{"@id":"https:\/\/www.mcasablancas.com\/ca\/#organization"},"image":{"@id":"https:\/\/www.mcasablancas.com\/ca\/noticies\/fases-de-la-desescalada-para-el-sector-cultural-parte-2\/#primaryimage"},"thumbnailUrl":"https:\/\/www.mcasablancas.com\/wp-content\/uploads\/2020\/06\/18-chica.jpg","articleSection":["Not\u00edcies"],"inLanguage":"ca"},{"@type":"WebPage","@id":"https:\/\/www.mcasablancas.com\/ca\/noticies\/fases-de-la-desescalada-para-el-sector-cultural-parte-2\/","url":"https:\/\/www.mcasablancas.com\/ca\/noticies\/fases-de-la-desescalada-para-el-sector-cultural-parte-2\/","name":"Fases de la desescalada para el sector cultural. Parte 2 - Corredur\u00eda Casablancas","isPartOf":{"@id":"https:\/\/www.mcasablancas.com\/ca\/#website"},"primaryImageOfPage":{"@id":"https:\/\/www.mcasablancas.com\/ca\/noticies\/fases-de-la-desescalada-para-el-sector-cultural-parte-2\/#primaryimage"},"image":{"@id":"https:\/\/www.mcasablancas.com\/ca\/noticies\/fases-de-la-desescalada-para-el-sector-cultural-parte-2\/#primaryimage"},"thumbnailUrl":"https:\/\/www.mcasablancas.com\/wp-content\/uploads\/2020\/06\/18-chica.jpg","datePublished":"2020-06-03T10:05:58+00:00","dateModified":"2024-07-25T09:53:24+00:00","breadcrumb":{"@id":"https:\/\/www.mcasablancas.com\/ca\/noticies\/fases-de-la-desescalada-para-el-sector-cultural-parte-2\/#breadcrumb"},"inLanguage":"ca","potentialAction":[{"@type":"ReadAction","target":["https:\/\/www.mcasablancas.com\/ca\/noticies\/fases-de-la-desescalada-para-el-sector-cultural-parte-2\/"]}]},{"@type":"ImageObject","inLanguage":"ca","@id":"https:\/\/www.mcasablancas.com\/ca\/noticies\/fases-de-la-desescalada-para-el-sector-cultural-parte-2\/#primaryimage","url":"https:\/\/www.mcasablancas.com\/wp-content\/uploads\/2020\/06\/18-chica.jpg","contentUrl":"https:\/\/www.mcasablancas.com\/wp-content\/uploads\/2020\/06\/18-chica.jpg","width":567,"height":413},{"@type":"BreadcrumbList","@id":"https:\/\/www.mcasablancas.com\/ca\/noticies\/fases-de-la-desescalada-para-el-sector-cultural-parte-2\/#breadcrumb","itemListElement":[{"@type":"ListItem","position":1,"name":"Inici","item":"https:\/\/www.mcasablancas.com\/ca\/"},{"@type":"ListItem","position":2,"name":"Not\u00edcies","item":"https:\/\/www.mcasablancas.com\/ca\/categoria\/noticies\/"},{"@type":"ListItem","position":3,"name":"Fases de la desescalada para el sector cultural. Parte 2"}]},{"@type":"WebSite","@id":"https:\/\/www.mcasablancas.com\/ca\/#website","url":"https:\/\/www.mcasablancas.com\/ca\/","name":"Corredur\u00eda Casablancas","description":"Seguros para Instrumentos Musicales, Arte y Cultura","publisher":{"@id":"https:\/\/www.mcasablancas.com\/ca\/#organization"},"potentialAction":[{"@type":"SearchAction","target":{"@type":"EntryPoint","urlTemplate":"https:\/\/www.mcasablancas.com\/ca\/?s={search_term_string}"},"query-input":{"@type":"PropertyValueSpecification","valueRequired":true,"valueName":"search_term_string"}}],"inLanguage":"ca"},{"@type":"Organization","@id":"https:\/\/www.mcasablancas.com\/ca\/#organization","name":"Corredur\u00eda Casablancas","url":"https:\/\/www.mcasablancas.com\/ca\/","logo":{"@type":"ImageObject","inLanguage":"ca","@id":"https:\/\/www.mcasablancas.com\/ca\/#\/schema\/logo\/image\/","url":"https:\/\/www.mcasablancas.com\/wp-content\/uploads\/2023\/03\/logo-casablancas.png","contentUrl":"https:\/\/www.mcasablancas.com\/wp-content\/uploads\/2023\/03\/logo-casablancas.png","width":342,"height":94,"caption":"Corredur\u00eda Casablancas"},"image":{"@id":"https:\/\/www.mcasablancas.com\/ca\/#\/schema\/logo\/image\/"},"sameAs":["https:\/\/www.facebook.com\/CasablancasSeguros\/","https:\/\/x.com\/casablancas_cb"]},{"@type":"Person","@id":"https:\/\/www.mcasablancas.com\/ca\/#\/schema\/person\/7935fe83a1e7ea72b08333ebdc39a3d0","name":"Maria","image":{"@type":"ImageObject","inLanguage":"ca","@id":"https:\/\/www.mcasablancas.com\/ca\/#\/schema\/person\/image\/","url":"https:\/\/secure.gravatar.com\/avatar\/f2fe719204648ce61585bd99cd483488f59a44cf04b371ed78c3488d747d71de?s=96&d=mm&r=g","contentUrl":"https:\/\/secure.gravatar.com\/avatar\/f2fe719204648ce61585bd99cd483488f59a44cf04b371ed78c3488d747d71de?s=96&d=mm&r=g","caption":"Maria"}}]}},"_links":{"self":[{"href":"https:\/\/www.mcasablancas.com\/ca\/wp-json\/wp\/v2\/posts\/6354","targetHints":{"allow":["GET"]}}],"collection":[{"href":"https:\/\/www.mcasablancas.com\/ca\/wp-json\/wp\/v2\/posts"}],"about":[{"href":"https:\/\/www.mcasablancas.com\/ca\/wp-json\/wp\/v2\/types\/post"}],"author":[{"embeddable":true,"href":"https:\/\/www.mcasablancas.com\/ca\/wp-json\/wp\/v2\/users\/2"}],"replies":[{"embeddable":true,"href":"https:\/\/www.mcasablancas.com\/ca\/wp-json\/wp\/v2\/comments?post=6354"}],"version-history":[{"count":6,"href":"https:\/\/www.mcasablancas.com\/ca\/wp-json\/wp\/v2\/posts\/6354\/revisions"}],"predecessor-version":[{"id":13511,"href":"https:\/\/www.mcasablancas.com\/ca\/wp-json\/wp\/v2\/posts\/6354\/revisions\/13511"}],"wp:featuredmedia":[{"embeddable":true,"href":"https:\/\/www.mcasablancas.com\/ca\/wp-json\/wp\/v2\/media\/14062"}],"wp:attachment":[{"href":"https:\/\/www.mcasablancas.com\/ca\/wp-json\/wp\/v2\/media?parent=6354"}],"wp:term":[{"taxonomy":"category","embeddable":true,"href":"https:\/\/www.mcasablancas.com\/ca\/wp-json\/wp\/v2\/categories?post=6354"},{"taxonomy":"post_tag","embeddable":true,"href":"https:\/\/www.mcasablancas.com\/ca\/wp-json\/wp\/v2\/tags?post=6354"}],"curies":[{"name":"wp","href":"https:\/\/api.w.org\/{rel}","templated":true}]}}