{"id":6356,"date":"2020-06-01T10:05:26","date_gmt":"2020-06-01T10:05:26","guid":{"rendered":"http:\/\/prueba.mcasablancas.com\/sense-categoria\/fases-de-la-desescalada-para-el-sector-cultural-parte-1\/"},"modified":"2024-07-25T09:53:48","modified_gmt":"2024-07-25T09:53:48","slug":"fases-de-la-desescalada-para-el-sector-cultural-parte-1","status":"publish","type":"post","link":"https:\/\/www.mcasablancas.com\/ca\/noticies\/fases-de-la-desescalada-para-el-sector-cultural-parte-1\/","title":{"rendered":"Fases de la desescalada para el sector cultural. Parte 1"},"content":{"rendered":"\t\t<div data-elementor-type=\"wp-post\" data-elementor-id=\"6356\" class=\"elementor elementor-6356 elementor-3496\" data-elementor-post-type=\"post\">\n\t\t\t\t\t\t<section class=\"elementor-section elementor-top-section elementor-element elementor-element-cadb13b elementor-section-boxed elementor-section-height-default elementor-section-height-default\" data-id=\"cadb13b\" data-element_type=\"section\" data-e-type=\"section\">\n\t\t\t\t\t\t<div class=\"elementor-container elementor-column-gap-default\">\n\t\t\t\t\t<div class=\"elementor-column elementor-col-100 elementor-top-column elementor-element elementor-element-892c92b\" data-id=\"892c92b\" data-element_type=\"column\" data-e-type=\"column\">\n\t\t\t<div class=\"elementor-widget-wrap elementor-element-populated\">\n\t\t\t\t\t\t<div class=\"elementor-element elementor-element-a7918c3 elementor-widget elementor-widget-text-editor\" data-id=\"a7918c3\" data-element_type=\"widget\" data-e-type=\"widget\" data-widget_type=\"text-editor.default\">\n\t\t\t\t<div class=\"elementor-widget-container\">\n\t\t\t\t\t\t\t\t\t\n<p>Las fases de la desescalada en el sector cultural han generado confusi\u00f3n sobre los protocolos y sobre todo quejas por la inviabilidad de muchas de las normas. Estas \u00faltimas se focalizan en la imposibilidad de materializar algunas medidas de seguridad y en la dificultad para sostener econ\u00f3micamente salas abiertas y eventos funcionando permitiendo p\u00fablico solamente en un tercio o mitad del aforo total.<\/p>\n\n<p> De todas maneras, hemos analizado los documentos oficiales de la desescalada, los hemos ordenado por sectores para que sea m\u00e1s f\u00e1cil su lectura y en esta primera entrega veremos los apartados de &#8220;Cines, Teatros y Auditorios&#8221; y el de &#8220;Actos y Espect\u00e1culos Culturales&#8221;. Aunque hemos tratado de mejorarla y ordenarla, la redacci\u00f3n es confusa e incompleta. Para mayor informaci\u00f3n o dudas sugerimos contactar con un ente oficial.<br\/> <\/p>\n\n<p class=\"has-text-align-center\"><strong>CINES, TEATROS Y AUDITORIOS<\/strong><br\/><\/p>\n\n<p><strong>FASE 1: <\/strong>No pueden abrir.<br\/><\/p>\n\n<p><strong>FASE 2:<\/strong> Todos los cines, teatros, auditorios y espacios similares podr\u00e1n reanudar la actividad siempre que cuenten con butacas preasignadas y no superen un tercio del aforo autorizado.<\/p>\n\n<p>Se recomendar\u00e1 la venta online o telef\u00f3nica de la entrada.<\/p>\n\n<p>Se permite la prestaci\u00f3n de servicios complementarios, como tienda, cafeter\u00eda o similares.<br\/> <\/p>\n\n<p><strong>FASE 3: <\/strong>Se eleva al 50% el aforo autorizado en cada sala. En cualquier caso, se limitar\u00e1 la asistencia al n\u00famero de personas que permita mantener la distancia de seguridad interpersonal de 2 metros.<\/p>\n\n<p>Se mantienen el resto de las medidas de la Fase 2.<br\/><\/p>\n\n<p class=\"has-text-align-center\"><strong>ACTOS Y ESPECTACULOS CULTURALES <\/strong><\/p>\n\n<p class=\"has-text-align-center\">(se supone que se agrupan aqu\u00ed a todos los eventos culturales que no cuenten con un apartado espec\u00edfico).<br\/><\/p>\n\n<p><strong>FASE 1:<\/strong> Se proceder\u00e1 a la reapertura de locales y establecimientos para actos y espect\u00e1culos culturales. Si se realizan en lugares cerrados, no podr\u00e1n reunir m\u00e1s de 30 personas y, si son al aire libre, dicho aforo m\u00e1ximo ser\u00e1 de 200 personas, y siempre que cumplan los requisitos de seguridad.<\/p>\n\n<p>No se prestar\u00e1n servicios complementarios, tales como tiendas, cafeter\u00eda o guardarropa.<\/p>\n\n<p>Se debe realizar una limpieza y desinfecci\u00f3n de las salas cerradas y de los recintos al aire libre antes de cada representaci\u00f3n del espect\u00e1culo.<br\/><\/p>\n\n<p><strong>FASE 2:<\/strong> El aforo para lugares cerrados no puede ser mayor al tercio del autorizado, ni reunir m\u00e1s de 50 personas. Trat\u00e1ndose de actividades al aire libre, el p\u00fablico deber\u00e1 permanecer sentado, guardando la distancia necesaria y no podr\u00e1 superarse un tercio del aforo autorizado, ni reunir m\u00e1s de 400 personas.<br\/><\/p>\n\n<p><strong>FASE 3: <\/strong>El aforo de los locales y establecimientos destinados a actos y espect\u00e1culos culturales, si se celebran en lugares cerrados, no podr\u00e1 superar el 50%, ni reunir m\u00e1s de 80 personas. En las actividades al aire libre, el p\u00fablico deber\u00e1 permanecer sentado, guardando la distancia necesaria y no podr\u00e1 superarse el 50% del aforo autorizado.<\/p>\n\n<p>En cualquier caso , se limitar\u00e1 la asistencia al n\u00famero de personas que permita mantener la distancia de seguridad interpersonal de 2 metros.<\/p>\n\t\t\t\t\t\t\t\t<\/div>\n\t\t\t\t<\/div>\n\t\t\t\t\t<\/div>\n\t\t<\/div>\n\t\t\t\t\t<\/div>\n\t\t<\/section>\n\t\t\t\t<\/div>\n\t\t","protected":false},"excerpt":{"rendered":"<p>Las fases de la desescalada en el sector cultural han generado confusi\u00f3n sobre los protocolos y sobre todo quejas por la inviabilidad de muchas de las normas. Estas \u00faltimas se focalizan en la imposibilidad de materializar algunas medidas de seguridad y en la dificultad para sostener econ\u00f3micamente salas abiertas y eventos funcionando permitiendo p\u00fablico solamente [&hellip;]<\/p>\n","protected":false},"author":2,"featured_media":14102,"comment_status":"closed","ping_status":"closed","sticky":false,"template":"","format":"standard","meta":{"footnotes":""},"categories":[59],"tags":[],"class_list":["post-6356","post","type-post","status-publish","format-standard","has-post-thumbnail","hentry","category-noticies"],"yoast_head":"<!-- This site is optimized with the Yoast SEO plugin v26.9 - https:\/\/yoast.com\/product\/yoast-seo-wordpress\/ -->\n<title>Fases de la desescalada para el sector cultural. Parte 1 - Corredur\u00eda Casablancas<\/title>\n<meta name=\"robots\" content=\"index, follow, max-snippet:-1, max-image-preview:large, max-video-preview:-1\" \/>\n<link rel=\"canonical\" href=\"https:\/\/www.mcasablancas.com\/ca\/noticies\/fases-de-la-desescalada-para-el-sector-cultural-parte-1\/\" \/>\n<meta property=\"og:locale\" content=\"ca_ES\" \/>\n<meta property=\"og:type\" content=\"article\" \/>\n<meta property=\"og:title\" content=\"Fases de la desescalada para el sector cultural. Parte 1 - Corredur\u00eda Casablancas\" \/>\n<meta property=\"og:description\" content=\"Las fases de la desescalada en el sector cultural han generado confusi\u00f3n sobre los protocolos y sobre todo quejas por la inviabilidad de muchas de las normas. Estas \u00faltimas se focalizan en la imposibilidad de materializar algunas medidas de seguridad y en la dificultad para sostener econ\u00f3micamente salas abiertas y eventos funcionando permitiendo p\u00fablico solamente [&hellip;]\" \/>\n<meta property=\"og:url\" content=\"https:\/\/www.mcasablancas.com\/ca\/noticies\/fases-de-la-desescalada-para-el-sector-cultural-parte-1\/\" \/>\n<meta property=\"og:site_name\" content=\"Corredur\u00eda Casablancas\" \/>\n<meta property=\"article:publisher\" content=\"https:\/\/www.facebook.com\/CasablancasSeguros\/\" \/>\n<meta property=\"article:published_time\" content=\"2020-06-01T10:05:26+00:00\" \/>\n<meta property=\"article:modified_time\" content=\"2024-07-25T09:53:48+00:00\" \/>\n<meta property=\"og:image\" content=\"https:\/\/www.mcasablancas.com\/wp-content\/uploads\/2020\/06\/17.jpg\" \/>\n\t<meta property=\"og:image:width\" content=\"1029\" \/>\n\t<meta property=\"og:image:height\" content=\"731\" \/>\n\t<meta property=\"og:image:type\" content=\"image\/jpeg\" \/>\n<meta name=\"author\" content=\"Maria\" \/>\n<meta name=\"twitter:card\" content=\"summary_large_image\" \/>\n<meta name=\"twitter:creator\" content=\"@casablancas_cb\" \/>\n<meta name=\"twitter:site\" content=\"@casablancas_cb\" \/>\n<meta name=\"twitter:label1\" content=\"Escrit per\" \/>\n\t<meta name=\"twitter:data1\" content=\"Maria\" \/>\n\t<meta name=\"twitter:label2\" content=\"Temps estimat de lectura\" \/>\n\t<meta name=\"twitter:data2\" content=\"3 minuts\" \/>\n<script type=\"application\/ld+json\" class=\"yoast-schema-graph\">{\"@context\":\"https:\/\/schema.org\",\"@graph\":[{\"@type\":\"Article\",\"@id\":\"https:\/\/www.mcasablancas.com\/ca\/noticies\/fases-de-la-desescalada-para-el-sector-cultural-parte-1\/#article\",\"isPartOf\":{\"@id\":\"https:\/\/www.mcasablancas.com\/ca\/noticies\/fases-de-la-desescalada-para-el-sector-cultural-parte-1\/\"},\"author\":{\"name\":\"Maria\",\"@id\":\"https:\/\/www.mcasablancas.com\/ca\/#\/schema\/person\/7935fe83a1e7ea72b08333ebdc39a3d0\"},\"headline\":\"Fases de la desescalada para el sector cultural. Parte 1\",\"datePublished\":\"2020-06-01T10:05:26+00:00\",\"dateModified\":\"2024-07-25T09:53:48+00:00\",\"mainEntityOfPage\":{\"@id\":\"https:\/\/www.mcasablancas.com\/ca\/noticies\/fases-de-la-desescalada-para-el-sector-cultural-parte-1\/\"},\"wordCount\":493,\"publisher\":{\"@id\":\"https:\/\/www.mcasablancas.com\/ca\/#organization\"},\"image\":{\"@id\":\"https:\/\/www.mcasablancas.com\/ca\/noticies\/fases-de-la-desescalada-para-el-sector-cultural-parte-1\/#primaryimage\"},\"thumbnailUrl\":\"https:\/\/www.mcasablancas.com\/wp-content\/uploads\/2020\/06\/17-chica-1.jpg\",\"articleSection\":[\"Not\u00edcies\"],\"inLanguage\":\"ca\"},{\"@type\":\"WebPage\",\"@id\":\"https:\/\/www.mcasablancas.com\/ca\/noticies\/fases-de-la-desescalada-para-el-sector-cultural-parte-1\/\",\"url\":\"https:\/\/www.mcasablancas.com\/ca\/noticies\/fases-de-la-desescalada-para-el-sector-cultural-parte-1\/\",\"name\":\"Fases de la desescalada para el sector cultural. Parte 1 - Corredur\u00eda Casablancas\",\"isPartOf\":{\"@id\":\"https:\/\/www.mcasablancas.com\/ca\/#website\"},\"primaryImageOfPage\":{\"@id\":\"https:\/\/www.mcasablancas.com\/ca\/noticies\/fases-de-la-desescalada-para-el-sector-cultural-parte-1\/#primaryimage\"},\"image\":{\"@id\":\"https:\/\/www.mcasablancas.com\/ca\/noticies\/fases-de-la-desescalada-para-el-sector-cultural-parte-1\/#primaryimage\"},\"thumbnailUrl\":\"https:\/\/www.mcasablancas.com\/wp-content\/uploads\/2020\/06\/17-chica-1.jpg\",\"datePublished\":\"2020-06-01T10:05:26+00:00\",\"dateModified\":\"2024-07-25T09:53:48+00:00\",\"breadcrumb\":{\"@id\":\"https:\/\/www.mcasablancas.com\/ca\/noticies\/fases-de-la-desescalada-para-el-sector-cultural-parte-1\/#breadcrumb\"},\"inLanguage\":\"ca\",\"potentialAction\":[{\"@type\":\"ReadAction\",\"target\":[\"https:\/\/www.mcasablancas.com\/ca\/noticies\/fases-de-la-desescalada-para-el-sector-cultural-parte-1\/\"]}]},{\"@type\":\"ImageObject\",\"inLanguage\":\"ca\",\"@id\":\"https:\/\/www.mcasablancas.com\/ca\/noticies\/fases-de-la-desescalada-para-el-sector-cultural-parte-1\/#primaryimage\",\"url\":\"https:\/\/www.mcasablancas.com\/wp-content\/uploads\/2020\/06\/17-chica-1.jpg\",\"contentUrl\":\"https:\/\/www.mcasablancas.com\/wp-content\/uploads\/2020\/06\/17-chica-1.jpg\",\"width\":567,\"height\":402},{\"@type\":\"BreadcrumbList\",\"@id\":\"https:\/\/www.mcasablancas.com\/ca\/noticies\/fases-de-la-desescalada-para-el-sector-cultural-parte-1\/#breadcrumb\",\"itemListElement\":[{\"@type\":\"ListItem\",\"position\":1,\"name\":\"Inici\",\"item\":\"https:\/\/www.mcasablancas.com\/ca\/\"},{\"@type\":\"ListItem\",\"position\":2,\"name\":\"Not\u00edcies\",\"item\":\"https:\/\/www.mcasablancas.com\/ca\/categoria\/noticies\/\"},{\"@type\":\"ListItem\",\"position\":3,\"name\":\"Fases de la desescalada para el sector cultural. Parte 1\"}]},{\"@type\":\"WebSite\",\"@id\":\"https:\/\/www.mcasablancas.com\/ca\/#website\",\"url\":\"https:\/\/www.mcasablancas.com\/ca\/\",\"name\":\"Corredur\u00eda Casablancas\",\"description\":\"Seguros para Instrumentos Musicales, Arte y Cultura\",\"publisher\":{\"@id\":\"https:\/\/www.mcasablancas.com\/ca\/#organization\"},\"potentialAction\":[{\"@type\":\"SearchAction\",\"target\":{\"@type\":\"EntryPoint\",\"urlTemplate\":\"https:\/\/www.mcasablancas.com\/ca\/?s={search_term_string}\"},\"query-input\":{\"@type\":\"PropertyValueSpecification\",\"valueRequired\":true,\"valueName\":\"search_term_string\"}}],\"inLanguage\":\"ca\"},{\"@type\":\"Organization\",\"@id\":\"https:\/\/www.mcasablancas.com\/ca\/#organization\",\"name\":\"Corredur\u00eda Casablancas\",\"url\":\"https:\/\/www.mcasablancas.com\/ca\/\",\"logo\":{\"@type\":\"ImageObject\",\"inLanguage\":\"ca\",\"@id\":\"https:\/\/www.mcasablancas.com\/ca\/#\/schema\/logo\/image\/\",\"url\":\"https:\/\/www.mcasablancas.com\/wp-content\/uploads\/2023\/03\/logo-casablancas.png\",\"contentUrl\":\"https:\/\/www.mcasablancas.com\/wp-content\/uploads\/2023\/03\/logo-casablancas.png\",\"width\":342,\"height\":94,\"caption\":\"Corredur\u00eda Casablancas\"},\"image\":{\"@id\":\"https:\/\/www.mcasablancas.com\/ca\/#\/schema\/logo\/image\/\"},\"sameAs\":[\"https:\/\/www.facebook.com\/CasablancasSeguros\/\",\"https:\/\/x.com\/casablancas_cb\"]},{\"@type\":\"Person\",\"@id\":\"https:\/\/www.mcasablancas.com\/ca\/#\/schema\/person\/7935fe83a1e7ea72b08333ebdc39a3d0\",\"name\":\"Maria\",\"image\":{\"@type\":\"ImageObject\",\"inLanguage\":\"ca\",\"@id\":\"https:\/\/www.mcasablancas.com\/ca\/#\/schema\/person\/image\/\",\"url\":\"https:\/\/secure.gravatar.com\/avatar\/f2fe719204648ce61585bd99cd483488f59a44cf04b371ed78c3488d747d71de?s=96&d=mm&r=g\",\"contentUrl\":\"https:\/\/secure.gravatar.com\/avatar\/f2fe719204648ce61585bd99cd483488f59a44cf04b371ed78c3488d747d71de?s=96&d=mm&r=g\",\"caption\":\"Maria\"}}]}<\/script>\n<!-- \/ Yoast SEO plugin. -->","yoast_head_json":{"title":"Fases de la desescalada para el sector cultural. Parte 1 - Corredur\u00eda Casablancas","robots":{"index":"index","follow":"follow","max-snippet":"max-snippet:-1","max-image-preview":"max-image-preview:large","max-video-preview":"max-video-preview:-1"},"canonical":"https:\/\/www.mcasablancas.com\/ca\/noticies\/fases-de-la-desescalada-para-el-sector-cultural-parte-1\/","og_locale":"ca_ES","og_type":"article","og_title":"Fases de la desescalada para el sector cultural. Parte 1 - Corredur\u00eda Casablancas","og_description":"Las fases de la desescalada en el sector cultural han generado confusi\u00f3n sobre los protocolos y sobre todo quejas por la inviabilidad de muchas de las normas. Estas \u00faltimas se focalizan en la imposibilidad de materializar algunas medidas de seguridad y en la dificultad para sostener econ\u00f3micamente salas abiertas y eventos funcionando permitiendo p\u00fablico solamente [&hellip;]","og_url":"https:\/\/www.mcasablancas.com\/ca\/noticies\/fases-de-la-desescalada-para-el-sector-cultural-parte-1\/","og_site_name":"Corredur\u00eda Casablancas","article_publisher":"https:\/\/www.facebook.com\/CasablancasSeguros\/","article_published_time":"2020-06-01T10:05:26+00:00","article_modified_time":"2024-07-25T09:53:48+00:00","og_image":[{"width":1029,"height":731,"url":"https:\/\/www.mcasablancas.com\/wp-content\/uploads\/2020\/06\/17.jpg","type":"image\/jpeg"}],"author":"Maria","twitter_card":"summary_large_image","twitter_creator":"@casablancas_cb","twitter_site":"@casablancas_cb","twitter_misc":{"Escrit per":"Maria","Temps estimat de lectura":"3 minuts"},"schema":{"@context":"https:\/\/schema.org","@graph":[{"@type":"Article","@id":"https:\/\/www.mcasablancas.com\/ca\/noticies\/fases-de-la-desescalada-para-el-sector-cultural-parte-1\/#article","isPartOf":{"@id":"https:\/\/www.mcasablancas.com\/ca\/noticies\/fases-de-la-desescalada-para-el-sector-cultural-parte-1\/"},"author":{"name":"Maria","@id":"https:\/\/www.mcasablancas.com\/ca\/#\/schema\/person\/7935fe83a1e7ea72b08333ebdc39a3d0"},"headline":"Fases de la desescalada para el sector cultural. Parte 1","datePublished":"2020-06-01T10:05:26+00:00","dateModified":"2024-07-25T09:53:48+00:00","mainEntityOfPage":{"@id":"https:\/\/www.mcasablancas.com\/ca\/noticies\/fases-de-la-desescalada-para-el-sector-cultural-parte-1\/"},"wordCount":493,"publisher":{"@id":"https:\/\/www.mcasablancas.com\/ca\/#organization"},"image":{"@id":"https:\/\/www.mcasablancas.com\/ca\/noticies\/fases-de-la-desescalada-para-el-sector-cultural-parte-1\/#primaryimage"},"thumbnailUrl":"https:\/\/www.mcasablancas.com\/wp-content\/uploads\/2020\/06\/17-chica-1.jpg","articleSection":["Not\u00edcies"],"inLanguage":"ca"},{"@type":"WebPage","@id":"https:\/\/www.mcasablancas.com\/ca\/noticies\/fases-de-la-desescalada-para-el-sector-cultural-parte-1\/","url":"https:\/\/www.mcasablancas.com\/ca\/noticies\/fases-de-la-desescalada-para-el-sector-cultural-parte-1\/","name":"Fases de la desescalada para el sector cultural. Parte 1 - Corredur\u00eda Casablancas","isPartOf":{"@id":"https:\/\/www.mcasablancas.com\/ca\/#website"},"primaryImageOfPage":{"@id":"https:\/\/www.mcasablancas.com\/ca\/noticies\/fases-de-la-desescalada-para-el-sector-cultural-parte-1\/#primaryimage"},"image":{"@id":"https:\/\/www.mcasablancas.com\/ca\/noticies\/fases-de-la-desescalada-para-el-sector-cultural-parte-1\/#primaryimage"},"thumbnailUrl":"https:\/\/www.mcasablancas.com\/wp-content\/uploads\/2020\/06\/17-chica-1.jpg","datePublished":"2020-06-01T10:05:26+00:00","dateModified":"2024-07-25T09:53:48+00:00","breadcrumb":{"@id":"https:\/\/www.mcasablancas.com\/ca\/noticies\/fases-de-la-desescalada-para-el-sector-cultural-parte-1\/#breadcrumb"},"inLanguage":"ca","potentialAction":[{"@type":"ReadAction","target":["https:\/\/www.mcasablancas.com\/ca\/noticies\/fases-de-la-desescalada-para-el-sector-cultural-parte-1\/"]}]},{"@type":"ImageObject","inLanguage":"ca","@id":"https:\/\/www.mcasablancas.com\/ca\/noticies\/fases-de-la-desescalada-para-el-sector-cultural-parte-1\/#primaryimage","url":"https:\/\/www.mcasablancas.com\/wp-content\/uploads\/2020\/06\/17-chica-1.jpg","contentUrl":"https:\/\/www.mcasablancas.com\/wp-content\/uploads\/2020\/06\/17-chica-1.jpg","width":567,"height":402},{"@type":"BreadcrumbList","@id":"https:\/\/www.mcasablancas.com\/ca\/noticies\/fases-de-la-desescalada-para-el-sector-cultural-parte-1\/#breadcrumb","itemListElement":[{"@type":"ListItem","position":1,"name":"Inici","item":"https:\/\/www.mcasablancas.com\/ca\/"},{"@type":"ListItem","position":2,"name":"Not\u00edcies","item":"https:\/\/www.mcasablancas.com\/ca\/categoria\/noticies\/"},{"@type":"ListItem","position":3,"name":"Fases de la desescalada para el sector cultural. Parte 1"}]},{"@type":"WebSite","@id":"https:\/\/www.mcasablancas.com\/ca\/#website","url":"https:\/\/www.mcasablancas.com\/ca\/","name":"Corredur\u00eda Casablancas","description":"Seguros para Instrumentos Musicales, Arte y Cultura","publisher":{"@id":"https:\/\/www.mcasablancas.com\/ca\/#organization"},"potentialAction":[{"@type":"SearchAction","target":{"@type":"EntryPoint","urlTemplate":"https:\/\/www.mcasablancas.com\/ca\/?s={search_term_string}"},"query-input":{"@type":"PropertyValueSpecification","valueRequired":true,"valueName":"search_term_string"}}],"inLanguage":"ca"},{"@type":"Organization","@id":"https:\/\/www.mcasablancas.com\/ca\/#organization","name":"Corredur\u00eda Casablancas","url":"https:\/\/www.mcasablancas.com\/ca\/","logo":{"@type":"ImageObject","inLanguage":"ca","@id":"https:\/\/www.mcasablancas.com\/ca\/#\/schema\/logo\/image\/","url":"https:\/\/www.mcasablancas.com\/wp-content\/uploads\/2023\/03\/logo-casablancas.png","contentUrl":"https:\/\/www.mcasablancas.com\/wp-content\/uploads\/2023\/03\/logo-casablancas.png","width":342,"height":94,"caption":"Corredur\u00eda Casablancas"},"image":{"@id":"https:\/\/www.mcasablancas.com\/ca\/#\/schema\/logo\/image\/"},"sameAs":["https:\/\/www.facebook.com\/CasablancasSeguros\/","https:\/\/x.com\/casablancas_cb"]},{"@type":"Person","@id":"https:\/\/www.mcasablancas.com\/ca\/#\/schema\/person\/7935fe83a1e7ea72b08333ebdc39a3d0","name":"Maria","image":{"@type":"ImageObject","inLanguage":"ca","@id":"https:\/\/www.mcasablancas.com\/ca\/#\/schema\/person\/image\/","url":"https:\/\/secure.gravatar.com\/avatar\/f2fe719204648ce61585bd99cd483488f59a44cf04b371ed78c3488d747d71de?s=96&d=mm&r=g","contentUrl":"https:\/\/secure.gravatar.com\/avatar\/f2fe719204648ce61585bd99cd483488f59a44cf04b371ed78c3488d747d71de?s=96&d=mm&r=g","caption":"Maria"}}]}},"_links":{"self":[{"href":"https:\/\/www.mcasablancas.com\/ca\/wp-json\/wp\/v2\/posts\/6356","targetHints":{"allow":["GET"]}}],"collection":[{"href":"https:\/\/www.mcasablancas.com\/ca\/wp-json\/wp\/v2\/posts"}],"about":[{"href":"https:\/\/www.mcasablancas.com\/ca\/wp-json\/wp\/v2\/types\/post"}],"author":[{"embeddable":true,"href":"https:\/\/www.mcasablancas.com\/ca\/wp-json\/wp\/v2\/users\/2"}],"replies":[{"embeddable":true,"href":"https:\/\/www.mcasablancas.com\/ca\/wp-json\/wp\/v2\/comments?post=6356"}],"version-history":[{"count":6,"href":"https:\/\/www.mcasablancas.com\/ca\/wp-json\/wp\/v2\/posts\/6356\/revisions"}],"predecessor-version":[{"id":13514,"href":"https:\/\/www.mcasablancas.com\/ca\/wp-json\/wp\/v2\/posts\/6356\/revisions\/13514"}],"wp:featuredmedia":[{"embeddable":true,"href":"https:\/\/www.mcasablancas.com\/ca\/wp-json\/wp\/v2\/media\/14102"}],"wp:attachment":[{"href":"https:\/\/www.mcasablancas.com\/ca\/wp-json\/wp\/v2\/media?parent=6356"}],"wp:term":[{"taxonomy":"category","embeddable":true,"href":"https:\/\/www.mcasablancas.com\/ca\/wp-json\/wp\/v2\/categories?post=6356"},{"taxonomy":"post_tag","embeddable":true,"href":"https:\/\/www.mcasablancas.com\/ca\/wp-json\/wp\/v2\/tags?post=6356"}],"curies":[{"name":"wp","href":"https:\/\/api.w.org\/{rel}","templated":true}]}}